{"id":122,"date":"2021-03-23T12:57:11","date_gmt":"2021-03-23T11:57:11","guid":{"rendered":"https:\/\/wesselnet.de\/Wordpress\/?p=122"},"modified":"2021-12-06T07:22:06","modified_gmt":"2021-12-06T06:22:06","slug":"layersteuerung-2d-3d","status":"publish","type":"post","link":"https:\/\/wesselnet.de\/Wordpress\/2021\/03\/23\/layersteuerung-2d-3d\/","title":{"rendered":"Layersteuerung 2D &#8211; 3D"},"content":{"rendered":"\n<p>Hier weden zwar die Werkzeuge f\u00fcr Autocad behandelt, jedoch m\u00fcssen wir auch \u00fcber die Besonderheiten der Layersteuerung im pCon.planner reden. Wir brauchen diese Informationen, damit die Schaltung zwischen 2D und 3D auch in Autocad funktioniert. Eventuell schiebe ich diesen Beitrag noch in &#8222;Grundlagen&#8220;. <\/p>\n\n\n\n<p>Nach unseren bisherigen Versuchen m\u00fcssen folgenden Zeichenfolgen im Layernamen zu finden sein, damit der pConn.planner die Layer schalten kann:<br>2D: Beginnt mit 72_ <em>belibiger Text<\/em> _2D_ <em>belibiger Text<\/em><br>3D: Beginnt mit 72_ <em>belibiger Text<\/em> _3D_ <em>belibiger Text<\/em><br>Das heisst, am Anfang steht immer die 72_, der erste Text kann weggelassen werden, jedoch m\u00fcssen dann 2 Unterstriche hintereinander folgen, sonst funktioniert es nicht. <\/p>\n\n\n\n<p>Da wir mit selbst erstellenten 3D M\u00f6beln und Objekten arbeiten, legen wir die Layer daf\u00fcr auch in Autocad nach diesen Vorgaben an. Mittels des pCon.planners lassen sich mittlerweile problemlos aus den 3D Objekten 2D Ableitungen generieren, die direkt auf den entsprechenden 2D Layern laden. Jetzt kann man ohne Probleme 2 Schaltfl\u00e4chen erstellen, mit denen man nach Bedarf die 3D Elemente oder die 2D Elemente in Autocad ausschalten kann. <br>\u00dcber die Steuerung f\u00fcr die Ansichtsfenster im Layout folgt sp\u00e4ter ein gesonderter Beitrag, ebenso f\u00fcr das wiedereinschalten der Layer. <\/p>\n","protected":false},"excerpt":{"rendered":"<p>Hier weden zwar die Werkzeuge f\u00fcr Autocad behandelt, jedoch m\u00fcssen wir auch \u00fcber die Besonderheiten der Layersteuerung im pCon.planner reden. Wir brauchen diese Informationen, damit die Schaltung zwischen 2D und 3D auch in Autocad funktioniert. Eventuell schiebe ich diesen Beitrag noch in &#8222;Grundlagen&#8220;. Nach unseren bisherigen Versuchen m\u00fcssen folgenden Zeichenfolgen im Layernamen zu finden sein, [&hellip;]<\/p>\n","protected":false},"author":1,"featured_media":0,"comment_status":"open","ping_status":"open","sticky":false,"template":"","format":"standard","meta":{"footnotes":""},"categories":[5],"tags":[],"class_list":["post-122","post","type-post","status-publish","format-standard","hentry","category-zusammen-sind-wir-stark"],"_links":{"self":[{"href":"https:\/\/wesselnet.de\/Wordpress\/wp-json\/wp\/v2\/posts\/122","targetHints":{"allow":["GET"]}}],"collection":[{"href":"https:\/\/wesselnet.de\/Wordpress\/wp-json\/wp\/v2\/posts"}],"about":[{"href":"https:\/\/wesselnet.de\/Wordpress\/wp-json\/wp\/v2\/types\/post"}],"author":[{"embeddable":true,"href":"https:\/\/wesselnet.de\/Wordpress\/wp-json\/wp\/v2\/users\/1"}],"replies":[{"embeddable":true,"href":"https:\/\/wesselnet.de\/Wordpress\/wp-json\/wp\/v2\/comments?post=122"}],"version-history":[{"count":2,"href":"https:\/\/wesselnet.de\/Wordpress\/wp-json\/wp\/v2\/posts\/122\/revisions"}],"predecessor-version":[{"id":126,"href":"https:\/\/wesselnet.de\/Wordpress\/wp-json\/wp\/v2\/posts\/122\/revisions\/126"}],"wp:attachment":[{"href":"https:\/\/wesselnet.de\/Wordpress\/wp-json\/wp\/v2\/media?parent=122"}],"wp:term":[{"taxonomy":"category","embeddable":true,"href":"https:\/\/wesselnet.de\/Wordpress\/wp-json\/wp\/v2\/categories?post=122"},{"taxonomy":"post_tag","embeddable":true,"href":"https:\/\/wesselnet.de\/Wordpress\/wp-json\/wp\/v2\/tags?post=122"}],"curies":[{"name":"wp","href":"https:\/\/api.w.org\/{rel}","templated":true}]}}